{"id":738,"date":"2025-10-23T20:07:19","date_gmt":"2025-10-23T20:07:19","guid":{"rendered":"https:\/\/espirit.com.br\/lp\/?p=738"},"modified":"2025-10-23T20:07:20","modified_gmt":"2025-10-23T20:07:20","slug":"rodrigo-farah","status":"publish","type":"post","link":"https:\/\/espirit.com.br\/lp\/rodrigo-farah\/","title":{"rendered":"RODRIGO FARAH"},"content":{"rendered":"\n<p>O cen\u00e1rio da m\u00fasica eletr\u00f4nica e dos grandes festivais ganha uma dimens\u00e3o \u00fanica com a presen\u00e7a de RODRIGO FARAH, DJ e percussionista renomado, cuja performance transcende a simples discotecagem. Com o t\u00edtulo de DJ Oficial de eventos de prest\u00edgio como Prime Rock e Distrito, Farah se estabeleceu como um profissional de destaque, reconhecido por sua capacidade de criar um convite ineg\u00e1vel \u00e0 divers\u00e3o e \u00e0 dan\u00e7a.<\/p>\n\n\n\n<p>O grande diferencial de Rodrigo Farah reside na sua fus\u00e3o inovadora de DJing com a percuss\u00e3o ao vivo. Ele incorpora percuss\u00e3o ac\u00fastica, digital, semi amplificada e incidental, sincronizando-a de forma org\u00e2nica e imediata com o tracklist. Essa abordagem n\u00e3o \u00e9 pr\u00e9-programada; o show, a sele\u00e7\u00e3o musical e a sincronia s\u00e3o feitos em tempo real, no conceito &#8220;Just-in-Time&#8221;, adaptando-se instantaneamente \u00e0 energia e \u00e0 resposta da pista. O resultado s\u00e3o apresenta\u00e7\u00f5es inesquec\u00edveis que garantem uma experi\u00eancia imersiva e altamente energ\u00e9tica para o p\u00fablico.<\/p>\n\n\n\n<p>Reconhecimento da Cena e Versatilidade de Palco<\/p>\n\n\n\n<p>A qualidade e a originalidade do trabalho de Rodrigo Farah t\u00eam sido amplamente elogiadas por figuras centrais da m\u00fasica eletr\u00f4nica e da ind\u00fastria. Sua t\u00e9cnica e carisma conquistaram o reconhecimento de nomes como: Leozinho e Paciornick, Mau Mau, Fabr\u00edcio Pe\u00e7anha, Spyzer, Murphy, Kitty, X-Noise, Sub6, Ultravoice, Beat Gate, Rockeed, Animal, Tite e Ale Rauen, Mara Bruiser, K-milla, Claudinho Brasil<\/p>\n\n\n\n<p>A versatilidade de Farah \u00e9 comprovada pela sua presen\u00e7a constante em palcos de grande calibre. Sua atua\u00e7\u00e3o no festival Prime Rock o colocou ao lado de alguns dos maiores nomes da m\u00fasica nacional e internacional, demonstrando sua habilidade em transitar e energizar p\u00fablicos de diferentes vertentes. Costuma dividir o palco com artistas como Capital Inicial, Paralamas do Sucesso, Blitz, Lulu Santos, Paula Toler, Lob\u00e3o, Jota Quest, Skank, Angra, Matanza Ritual, Eletric Mob, Hoodoo Gurus, Dazaranha, Ana Castela, Tribo de Jah, Ben Harper, Biquini Cavad\u00e3o, Supla, Raimundos, Donovan Frankenheimer<\/p>\n\n\n\n<p>A lista de artistas com quem dividiu o palco \u2014 que vai do rock ic\u00f4nico ao pop contempor\u00e2neo e reggae \u2014 sublinha a adaptabilidade e o apelo universal de sua performance. Rodrigo Farah n\u00e3o \u00e9 apenas um DJ; ele \u00e9 um performer que utiliza a percuss\u00e3o como uma extens\u00e3o da sua arte, criando uma ponte sonora entre o eletr\u00f4nico e o org\u00e2nico que ressoa profundamente com o p\u00fablico.<\/p>\n\n\n\n<figure class=\"wp-block-gallery has-nested-images columns-default is-cropped wp-block-gallery-1 is-layout-flex wp-block-gallery-is-layout-flex\">\n<figure class=\"wp-block-image size-large\"><img loading=\"lazy\" decoding=\"async\" width=\"1024\" height=\"803\" data-id=\"743\" src=\"https:\/\/espirit.com.br\/lp\/wp-content\/uploads\/2025\/10\/WhatsApp-Image-2025-10-23-at-16.47.16-1024x803.jpeg\" alt=\"\" class=\"wp-image-743\" srcset=\"https:\/\/espirit.com.br\/lp\/wp-content\/uploads\/2025\/10\/WhatsApp-Image-2025-10-23-at-16.47.16-1024x803.jpeg 1024w, https:\/\/espirit.com.br\/lp\/wp-content\/uploads\/2025\/10\/WhatsApp-Image-2025-10-23-at-16.47.16-300x235.jpeg 300w, https:\/\/espirit.com.br\/lp\/wp-content\/uploads\/2025\/10\/WhatsApp-Image-2025-10-23-at-16.47.16-768x602.jpeg 768w, https:\/\/espirit.com.br\/lp\/wp-content\/uploads\/2025\/10\/WhatsApp-Image-2025-10-23-at-16.47.16.jpeg 1135w\" sizes=\"auto, (max-width: 1024px) 100vw, 1024px\" \/><\/figure>\n\n\n\n<figure class=\"wp-block-image size-large\"><img loading=\"lazy\" decoding=\"async\" width=\"1024\" height=\"768\" data-id=\"742\" src=\"https:\/\/espirit.com.br\/lp\/wp-content\/uploads\/2025\/10\/WhatsApp-Image-2025-10-23-at-16.47.18-1024x768.jpeg\" alt=\"\" class=\"wp-image-742\" srcset=\"https:\/\/espirit.com.br\/lp\/wp-content\/uploads\/2025\/10\/WhatsApp-Image-2025-10-23-at-16.47.18-1024x768.jpeg 1024w, https:\/\/espirit.com.br\/lp\/wp-content\/uploads\/2025\/10\/WhatsApp-Image-2025-10-23-at-16.47.18-300x225.jpeg 300w, https:\/\/espirit.com.br\/lp\/wp-content\/uploads\/2025\/10\/WhatsApp-Image-2025-10-23-at-16.47.18-768x576.jpeg 768w, https:\/\/espirit.com.br\/lp\/wp-content\/uploads\/2025\/10\/WhatsApp-Image-2025-10-23-at-16.47.18-1536x1152.jpeg 1536w, https:\/\/espirit.com.br\/lp\/wp-content\/uploads\/2025\/10\/WhatsApp-Image-2025-10-23-at-16.47.18-1440x1080.jpeg 1440w, https:\/\/espirit.com.br\/lp\/wp-content\/uploads\/2025\/10\/WhatsApp-Image-2025-10-23-at-16.47.18.jpeg 1600w\" sizes=\"auto, (max-width: 1024px) 100vw, 1024px\" \/><\/figure>\n\n\n\n<figure class=\"wp-block-image size-large\"><img loading=\"lazy\" decoding=\"async\" width=\"768\" height=\"1024\" data-id=\"741\" src=\"https:\/\/espirit.com.br\/lp\/wp-content\/uploads\/2025\/10\/WhatsApp-Image-2025-10-23-at-16.47.18-1-768x1024.jpeg\" alt=\"\" class=\"wp-image-741\" srcset=\"https:\/\/espirit.com.br\/lp\/wp-content\/uploads\/2025\/10\/WhatsApp-Image-2025-10-23-at-16.47.18-1-768x1024.jpeg 768w, https:\/\/espirit.com.br\/lp\/wp-content\/uploads\/2025\/10\/WhatsApp-Image-2025-10-23-at-16.47.18-1-225x300.jpeg 225w, https:\/\/espirit.com.br\/lp\/wp-content\/uploads\/2025\/10\/WhatsApp-Image-2025-10-23-at-16.47.18-1-1152x1536.jpeg 1152w, https:\/\/espirit.com.br\/lp\/wp-content\/uploads\/2025\/10\/WhatsApp-Image-2025-10-23-at-16.47.18-1-1024x1365.jpeg 1024w, https:\/\/espirit.com.br\/lp\/wp-content\/uploads\/2025\/10\/WhatsApp-Image-2025-10-23-at-16.47.18-1-810x1080.jpeg 810w, https:\/\/espirit.com.br\/lp\/wp-content\/uploads\/2025\/10\/WhatsApp-Image-2025-10-23-at-16.47.18-1.jpeg 1200w\" sizes=\"auto, (max-width: 768px) 100vw, 768px\" \/><\/figure>\n<\/figure>\n","protected":false},"excerpt":{"rendered":"<p>O cen\u00e1rio da m\u00fasica eletr\u00f4nica e dos grandes festivais ganha uma dimens\u00e3o \u00fanica com a presen\u00e7a de RODRIGO FARAH, DJ e percussionista renomado, cuja performance transcende a simples discotecagem. Com o t\u00edtulo de DJ Oficial de eventos de prest\u00edgio como Prime Rock e Distrito, Farah se estabeleceu como um profissional de destaque, reconhecido por sua&hellip; <br \/> <a class=\"read-more\" href=\"https:\/\/espirit.com.br\/lp\/rodrigo-farah\/\">Leia mais<\/a><\/p>\n","protected":false},"author":1,"featured_media":743,"comment_status":"open","ping_status":"open","sticky":false,"template":"","format":"standard","meta":{"footnotes":""},"categories":[1],"tags":[],"class_list":["post-738","post","type-post","status-publish","format-standard","has-post-thumbnail","hentry","category-djs"],"_links":{"self":[{"href":"https:\/\/espirit.com.br\/lp\/wp-json\/wp\/v2\/posts\/738","targetHints":{"allow":["GET"]}}],"collection":[{"href":"https:\/\/espirit.com.br\/lp\/wp-json\/wp\/v2\/posts"}],"about":[{"href":"https:\/\/espirit.com.br\/lp\/wp-json\/wp\/v2\/types\/post"}],"author":[{"embeddable":true,"href":"https:\/\/espirit.com.br\/lp\/wp-json\/wp\/v2\/users\/1"}],"replies":[{"embeddable":true,"href":"https:\/\/espirit.com.br\/lp\/wp-json\/wp\/v2\/comments?post=738"}],"version-history":[{"count":1,"href":"https:\/\/espirit.com.br\/lp\/wp-json\/wp\/v2\/posts\/738\/revisions"}],"predecessor-version":[{"id":744,"href":"https:\/\/espirit.com.br\/lp\/wp-json\/wp\/v2\/posts\/738\/revisions\/744"}],"wp:featuredmedia":[{"embeddable":true,"href":"https:\/\/espirit.com.br\/lp\/wp-json\/wp\/v2\/media\/743"}],"wp:attachment":[{"href":"https:\/\/espirit.com.br\/lp\/wp-json\/wp\/v2\/media?parent=738"}],"wp:term":[{"taxonomy":"category","embeddable":true,"href":"https:\/\/espirit.com.br\/lp\/wp-json\/wp\/v2\/categories?post=738"},{"taxonomy":"post_tag","embeddable":true,"href":"https:\/\/espirit.com.br\/lp\/wp-json\/wp\/v2\/tags?post=738"}],"curies":[{"name":"wp","href":"https:\/\/api.w.org\/{rel}","templated":true}]}}